[{"@context":"https:\/\/schema.org\/","@type":"Article","@id":"https:\/\/www.minca.cz\/jsou-i-v-atypickem-a-posuvnem-provedeni\/#Article","mainEntityOfPage":"https:\/\/www.minca.cz\/jsou-i-v-atypickem-a-posuvnem-provedeni\/","headline":"Jsou i v atypick\u00e9m a posuvn\u00e9m proveden\u00ed","name":"Jsou i v atypick\u00e9m a posuvn\u00e9m proveden\u00ed","description":"Pro v\u0161echny na\u0161e z\u00e1kazn\u00edky jsme p\u0159ipravili interi\u00e9rov\u00e9 dve\u0159e i v atypick\u00e9m nebo posuvn\u00e9m proveden\u00ed. M\u00e1te tak jedine\u010dnou mo\u017enost vym\u011bnit i je za nov\u00e9 nepo\u0161kozen\u00e9. Nov\u011b jsme pro v\u00e1s p\u0159ipravili i s r\u00e1movou konstrukc\u00ed. Nej\u010dast\u011bji v\u0161ak po\u017eadujete laminovan\u00e9 nebo ka\u0161\u00edrovan\u00e9. Ty najdou nejlep\u0161\u00ed uplatn\u011bn\u00ed ve v\u0161ech va\u0161ich dom\u00e1cnostech. M\u016f\u017eete si je objednat. Po\u0161kozen\u00e9 nahra\u010fte nov\u00fdmi Neopravujte [&hellip;]","datePublished":"2025-08-13","dateModified":"2025-08-13","author":{"@type":"Person","@id":"https:\/\/www.minca.cz\/author\/#Person","name":"minca.cz\n","url":"https:\/\/www.minca.cz\/author\/","identifier":1,"image":{"@type":"ImageObject","@id":"https:\/\/secure.gravatar.com\/avatar\/87132efef9f5972c3e770e1fb0907fb3dcc1311f82da5f30bffbae0bd81cf8c0?s=96&d=mm&r=g","url":"https:\/\/secure.gravatar.com\/avatar\/87132efef9f5972c3e770e1fb0907fb3dcc1311f82da5f30bffbae0bd81cf8c0?s=96&d=mm&r=g","height":96,"width":96}},"publisher":{"@type":"Organization","name":"minca.cz","logo":{"@type":"ImageObject","@id":"\/logo.png","url":"\/logo.png","width":600,"height":60}},"url":"https:\/\/www.minca.cz\/jsou-i-v-atypickem-a-posuvnem-provedeni\/","wordCount":165,"articleBody":"Pro v\u0161echny na\u0161e z\u00e1kazn\u00edky jsme p\u0159ipravili interi\u00e9rov\u00e9 dve\u0159e i v atypick\u00e9m nebo posuvn\u00e9m proveden\u00ed. M\u00e1te tak jedine\u010dnou mo\u017enost vym\u011bnit i je za nov\u00e9 nepo\u0161kozen\u00e9. Nov\u011b jsme pro v\u00e1s p\u0159ipravili i s r\u00e1movou konstrukc\u00ed. Nej\u010dast\u011bji v\u0161ak po\u017eadujete laminovan\u00e9 nebo ka\u0161\u00edrovan\u00e9. Ty najdou nejlep\u0161\u00ed uplatn\u011bn\u00ed ve v\u0161ech va\u0161ich dom\u00e1cnostech. M\u016f\u017eete si je objednat. Po\u0161kozen\u00e9 nahra\u010fte nov\u00fdmi Neopravujte star\u00e9 a poni\u010den\u00e9 interi\u00e9rov\u00e9 dve\u0159e. Nebude to dob\u0159e vypadat. Je mnohem lep\u0161\u00ed vyu\u017e\u00edt na\u0161\u00ed nab\u00eddky a po\u0159\u00eddit si je nov\u00e9. Poskytneme v\u00e1m je za p\u0159\u00edjemn\u00fdch cenov\u00fdch podm\u00ednek, tak\u017ee v\u0161ichni budete ur\u010dit\u011b spokojeni. M\u016f\u017eeme se postarat i o jejich instalaci, pokud si takovou slu\u017ebu u n\u00e1s objedn\u00e1te. Z\u00edsk\u00e1te tak jistotu, \u017ee v\u0161e bude u v\u00e1s v po\u0159\u00e1dku.                                                                                                                                                                                                                                                                                                                                                                                                "},{"@context":"https:\/\/schema.org\/","@type":"BreadcrumbList","itemListElement":[{"@type":"ListItem","position":1,"name":"Jsou i v atypick\u00e9m a posuvn\u00e9m proveden\u00ed","item":"https:\/\/www.minca.cz\/jsou-i-v-atypickem-a-posuvnem-provedeni\/#breadcrumbitem"}]}]