[{"@context":"https:\/\/schema.org\/","@type":"Article","@id":"https:\/\/www.minca.cz\/o-cem-je-udrzitelna-moda\/#Article","mainEntityOfPage":"https:\/\/www.minca.cz\/o-cem-je-udrzitelna-moda\/","headline":"O \u010dem je udr\u017eiteln\u00e1 m\u00f3da?","name":"O \u010dem je udr\u017eiteln\u00e1 m\u00f3da?","description":"O udr\u017eitelnosti sl\u00fdch\u00e1v\u00e1me nejen z\u00a0m\u00e9di\u00ed, ale celkov\u011b se jedn\u00e1 o posledn\u00ed dobou hodn\u011b diskutovan\u00e9 t\u00e9ma. Nemus\u00edte jen t\u0159\u00eddit odpad a sna\u017eit se m\u00e9n\u011b pou\u017e\u00edvat auto. Udr\u017eitelnost lze praktikovat i ve vztahu k\u00a0m\u00f3d\u011b. Co je to tedy ta udr\u017eiteln\u00e1 m Udr\u017eiteln\u00e1 m\u00f3da je m\u00f3da, kter\u00e1 je vyroben\u00e1 s\u00a0ohledem na p\u0159\u00edrodu, ale tak\u00e9 s\u00a0respektem ke spole\u010dnosti \u010di [&hellip;]","datePublished":"2025-03-01","dateModified":"2023-04-29","author":{"@type":"Person","@id":"https:\/\/www.minca.cz\/author\/#Person","name":"minca.cz\n","url":"https:\/\/www.minca.cz\/author\/","identifier":1,"image":{"@type":"ImageObject","@id":"https:\/\/secure.gravatar.com\/avatar\/87132efef9f5972c3e770e1fb0907fb3dcc1311f82da5f30bffbae0bd81cf8c0?s=96&d=mm&r=g","url":"https:\/\/secure.gravatar.com\/avatar\/87132efef9f5972c3e770e1fb0907fb3dcc1311f82da5f30bffbae0bd81cf8c0?s=96&d=mm&r=g","height":96,"width":96}},"publisher":{"@type":"Organization","name":"minca.cz","logo":{"@type":"ImageObject","@id":"\/logo.png","url":"\/logo.png","width":600,"height":60}},"image":{"@type":"ImageObject","@id":"https:\/\/www.minca.cz\/wp-content\/uploads\/img_a288036_w1964_t1498542801.jpg","url":"https:\/\/www.minca.cz\/wp-content\/uploads\/img_a288036_w1964_t1498542801.jpg","height":0,"width":0},"url":"https:\/\/www.minca.cz\/o-cem-je-udrzitelna-moda\/","about":["M\u00f3da"],"wordCount":478,"articleBody":"O udr\u017eitelnosti sl\u00fdch\u00e1v\u00e1me nejen z\u00a0m\u00e9di\u00ed, ale celkov\u011b se jedn\u00e1 o posledn\u00ed dobou hodn\u011b diskutovan\u00e9 t\u00e9ma. Nemus\u00edte jen t\u0159\u00eddit odpad a sna\u017eit se m\u00e9n\u011b pou\u017e\u00edvat auto. Udr\u017eitelnost lze praktikovat i ve vztahu k\u00a0m\u00f3d\u011b.\tCo je to tedy ta udr\u017eiteln\u00e1 mUdr\u017eiteln\u00e1 m\u00f3da je m\u00f3da, kter\u00e1 je vyroben\u00e1 s\u00a0ohledem na p\u0159\u00edrodu, ale tak\u00e9 s\u00a0respektem ke spole\u010dnosti \u010di ekonomice. U\u017e jen nap\u0159\u00edklad to, \u017ee nakupujete v\u011bci z\u00a0druh\u00e9 ruky, znamen\u00e1, \u017ee podporujete recyklaci a znovuvyu\u017eit\u00ed v\u011bc\u00ed, v\u010detn\u011b oble\u010den\u00ed. V\u00a0r\u00e1mci udr\u017eitelnosti byste nem\u011bli vyhazovat oble\u010den\u00ed, ale m\u011bli byste se sna\u017eit mu naj\u00edt nov\u00e9 vyu\u017eit\u00ed \u010di nov\u00fd domov. M\u016f\u017eete se tedy \u00fa\u010dastnit r\u016fzn\u00fdch bazar\u016f a oble\u010den\u00ed s\u00a0n\u011bk\u00fdm vym\u011b\u0148ovat. Druhou mo\u017enost\u00ed je ze star\u00fdch m\u00f3dn\u00edch kousk\u016f vyrobit n\u011bco nov\u00e9ho. Nap\u0159\u00edklad z\u00a0d\u017e\u00edn\u016f lze vytvo\u0159it stylovou kabelku, ze star\u00e9ho nevyu\u017eit\u00e9ho tri\u010dka s\u00a0trochou \u0161ikovnost\u00ed vyrob\u00edte origin\u00e1ln\u00ed \u0161perk \u010di \u010delenku.Udr\u017eitelnost v\u0161ak znamen\u00e1 taky to, \u017ee se zaj\u00edm\u00e1te odkud oble\u010den\u00ed kupujete. To znamen\u00e1, \u017ee v\u00e1s zaj\u00edm\u00e1, jak\u00e9 materi\u00e1ly vyu\u017e\u00edvaj\u00ed a za jak\u00fdch podm\u00ednek a kde je dan\u00fd kousek vyr\u00e1b\u011bn. Pokud je tri\u010dko, kter\u00e9 dr\u017e\u00edte v\u00a0ruce u\u0161it\u00e9 n\u011bkde desetiletou hol\u010di\u010dkou, asi ch\u00e1pete, \u017ee tohle zrovna nen\u00ed respektov\u00e1n\u00ed spole\u010dnosti.Udr\u017eitelnost vs. m\u00f3dn\u00ed \u0159et\u011bzceNa t\u00e9ma udr\u017eitelnosti reaguj\u00ed u\u017e i n\u011bkter\u00e9 m\u00f3dn\u00ed \u0159et\u011bzce v\u00a0\u010cesk\u00e9 republice. Pom\u00e1h\u00e1 recyklovat oble\u010den\u00ed. Nap\u0159\u00edklad p\u0159inesete-li ta\u0161ku plnou ji\u017e nevyu\u017eit\u00e9ho oble\u010den\u00ed, dostanete poukaz na slevu na p\u0159\u00ed\u0161t\u00ed n\u00e1kup. Udr\u017eitelnost se tak st\u00e1v\u00e1 hlavn\u00ed kampan\u00ed nejv\u011bt\u0161\u00edch m\u00f3dn\u00edch \u0159et\u011bzc\u016f, kter\u00e9 v\u00a0\u010cesku nab\u00edzej\u00ed nov\u00e9 m\u00f3dn\u00ed trendy.Udr\u017eitelnost podpo\u0159\u00edte tak\u00e9 t\u00edm, \u017ee nebudete nakupovat zbyte\u010dnosti, kter\u00e9 v\u00e1m pak budou l\u00e9ta le\u017eet ve sk\u0159\u00edni, a\u017e je nakonec vyhod\u00edte. V\u017edycky se sna\u017ete si po\u0159\u00e1dn\u011b rozmyslet, zda dan\u00fd kousek opravdu vyu\u017eijete, zda lze kombinovat s\u00a0v\u00edce kousky a zda v\u00e1s za p\u00e1r dn\u00ed neomrz\u00ed. Po \u010cesk\u00e9 republice tak\u00e9 najdete \u0159adu kontejner\u016f charit a dobro\u010dinn\u00fdch nadac\u00ed, kter\u00e9 slou\u017e\u00ed pr\u00e1v\u011b na nepot\u0159ebn\u00e9 oble\u010den\u00ed. M\u00edsto toho, aby va\u0161e star\u00e9 d\u017e\u00edny putovaly na skl\u00e1dku, vho\u010fte je do jednoho z\u00a0podobn\u00fdch kontejner\u016f a t\u0159eba je vyu\u017eije n\u011bkdo dal\u0161\u00ed. V\u017edy se sna\u017ete tedy naj\u00edt v\u0161em v\u011bcem nov\u00e9 vyu\u017eit\u00ed. T\u0159eba je\u0161t\u011b n\u011bkomu ud\u011blaj\u00ed radost.                                                                                                                                                                                                                                                                                                                                                                                        3.8\/5 - (9 votes)        "},{"@context":"https:\/\/schema.org\/","@type":"BreadcrumbList","itemListElement":[{"@type":"ListItem","position":1,"name":"O \u010dem je udr\u017eiteln\u00e1 m\u00f3da?","item":"https:\/\/www.minca.cz\/o-cem-je-udrzitelna-moda\/#breadcrumbitem"}]}]