[{"@context":"https:\/\/schema.org\/","@type":"Blog","@id":"https:\/\/www.minca.cz#Blog","headline":"Minca","description":"\nKdy\u017e si tak d\u00e1te odpoledn\u00ed k\u00e1vu, r\u00e1di byste si dali n\u011bco k n\u00ed? T\u0159eba n\u011bjak\u00e9 po\u010dten\u00ed\u010dko? M\u011bli bychom pro v\u00e1s perfektn\u00ed magaz\u00edn, d\u00edky kter\u00e9mu m\u016f\u017eete naj\u00edt skv\u011blou inspiraci, tipy a do\u010dtete se tu i o sportu \u010di kultu\u0159e.","url":"https:\/\/www.minca.cz","hasPart":[{"@type":"Article","@id":"https:\/\/www.minca.cz\/potraviny-ktere-nepatri-na-psi-jidelnicek\/","headline":"Potraviny, kter\u00e9 nepat\u0159\u00ed na ps\u00ed j\u00eddeln\u00ed\u010dek","url":"https:\/\/www.minca.cz\/potraviny-ktere-nepatri-na-psi-jidelnicek\/","datePublished":"2025-03-03","dateModified":"2023-04-29","mainEntityOfPage":"https:\/\/www.minca.cz\/potraviny-ktere-nepatri-na-psi-jidelnicek\/","author":{"@type":"Person","@id":"https:\/\/www.minca.cz\/author\/#Person","name":"minca.cz\n","url":"https:\/\/www.minca.cz\/author\/","identifier":1,"image":{"@type":"ImageObject","@id":"https:\/\/secure.gravatar.com\/avatar\/87132efef9f5972c3e770e1fb0907fb3dcc1311f82da5f30bffbae0bd81cf8c0?s=96&d=mm&r=g","url":"https:\/\/secure.gravatar.com\/avatar\/87132efef9f5972c3e770e1fb0907fb3dcc1311f82da5f30bffbae0bd81cf8c0?s=96&d=mm&r=g","height":96,"width":96}},"publisher":{"@type":"Organization","name":"minca.cz","logo":{"@type":"ImageObject","@id":"\/logo.png","url":"\/logo.png","width":600,"height":60}},"image":{"@type":"ImageObject","@id":"https:\/\/www.minca.cz\/wp-content\/uploads\/img_a288053_w1964_t1498572467.jpg","url":"https:\/\/www.minca.cz\/wp-content\/uploads\/img_a288053_w1964_t1498572467.jpg","height":0,"width":0},"wordCount":498,"keywords":null},{"@type":"Article","@id":"https:\/\/www.minca.cz\/detske-kralovstvi\/","headline":"D\u011btsk\u00e9 kr\u00e1lovstv\u00ed","url":"https:\/\/www.minca.cz\/detske-kralovstvi\/","datePublished":"2025-03-03","dateModified":"2023-04-29","mainEntityOfPage":"https:\/\/www.minca.cz\/detske-kralovstvi\/","author":{"@type":"Person","@id":"https:\/\/www.minca.cz\/author\/#Person","name":"minca.cz\n","url":"https:\/\/www.minca.cz\/author\/","identifier":1,"image":{"@type":"ImageObject","@id":"https:\/\/secure.gravatar.com\/avatar\/87132efef9f5972c3e770e1fb0907fb3dcc1311f82da5f30bffbae0bd81cf8c0?s=96&d=mm&r=g","url":"https:\/\/secure.gravatar.com\/avatar\/87132efef9f5972c3e770e1fb0907fb3dcc1311f82da5f30bffbae0bd81cf8c0?s=96&d=mm&r=g","height":96,"width":96}},"publisher":{"@type":"Organization","name":"minca.cz","logo":{"@type":"ImageObject","@id":"\/logo.png","url":"\/logo.png","width":600,"height":60}},"image":{"@type":"ImageObject","@id":"https:\/\/www.minca.cz\/wp-content\/uploads\/img_a293740_w1964_t1505890896.jpg","url":"https:\/\/www.minca.cz\/wp-content\/uploads\/img_a293740_w1964_t1505890896.jpg","height":0,"width":0},"wordCount":569,"keywords":null},{"@type":"Article","@id":"https:\/\/www.minca.cz\/proc-navstivit-turecko\/","headline":"Pro\u010d nav\u0161t\u00edvit Turecko","url":"https:\/\/www.minca.cz\/proc-navstivit-turecko\/","datePublished":"2025-03-03","dateModified":"2023-04-29","mainEntityOfPage":"https:\/\/www.minca.cz\/proc-navstivit-turecko\/","author":{"@type":"Person","@id":"https:\/\/www.minca.cz\/author\/#Person","name":"minca.cz\n","url":"https:\/\/www.minca.cz\/author\/","identifier":1,"image":{"@type":"ImageObject","@id":"https:\/\/secure.gravatar.com\/avatar\/87132efef9f5972c3e770e1fb0907fb3dcc1311f82da5f30bffbae0bd81cf8c0?s=96&d=mm&r=g","url":"https:\/\/secure.gravatar.com\/avatar\/87132efef9f5972c3e770e1fb0907fb3dcc1311f82da5f30bffbae0bd81cf8c0?s=96&d=mm&r=g","height":96,"width":96}},"publisher":{"@type":"Organization","name":"minca.cz","logo":{"@type":"ImageObject","@id":"\/logo.png","url":"\/logo.png","width":600,"height":60}},"image":{"@type":"ImageObject","@id":"https:\/\/www.minca.cz\/wp-content\/uploads\/img_a309284_w1964_t1520242961.jpg","url":"https:\/\/www.minca.cz\/wp-content\/uploads\/img_a309284_w1964_t1520242961.jpg","height":0,"width":0},"wordCount":497,"keywords":null},{"@type":"Article","@id":"https:\/\/www.minca.cz\/velryby-jsou-byvali-sudokopytnici\/","headline":"Velryby jsou b\u00fdval\u00ed sudokopytn\u00edci","url":"https:\/\/www.minca.cz\/velryby-jsou-byvali-sudokopytnici\/","datePublished":"2025-03-02","dateModified":"2023-04-29","mainEntityOfPage":"https:\/\/www.minca.cz\/velryby-jsou-byvali-sudokopytnici\/","author":{"@type":"Person","@id":"https:\/\/www.minca.cz\/author\/#Person","name":"minca.cz\n","url":"https:\/\/www.minca.cz\/author\/","identifier":1,"image":{"@type":"ImageObject","@id":"https:\/\/secure.gravatar.com\/avatar\/87132efef9f5972c3e770e1fb0907fb3dcc1311f82da5f30bffbae0bd81cf8c0?s=96&d=mm&r=g","url":"https:\/\/secure.gravatar.com\/avatar\/87132efef9f5972c3e770e1fb0907fb3dcc1311f82da5f30bffbae0bd81cf8c0?s=96&d=mm&r=g","height":96,"width":96}},"publisher":{"@type":"Organization","name":"minca.cz","logo":{"@type":"ImageObject","@id":"\/logo.png","url":"\/logo.png","width":600,"height":60}},"image":{"@type":"ImageObject","@id":"https:\/\/www.minca.cz\/wp-content\/uploads\/img_a312140_w1964_t1523175800.jpg","url":"https:\/\/www.minca.cz\/wp-content\/uploads\/img_a312140_w1964_t1523175800.jpg","height":0,"width":0},"wordCount":487,"keywords":null},{"@type":"Article","@id":"https:\/\/www.minca.cz\/schranky-pro-kazdy-dum\/","headline":"Schr\u00e1nky pro ka\u017ed\u00fd d\u016fm","url":"https:\/\/www.minca.cz\/schranky-pro-kazdy-dum\/","datePublished":"2025-03-02","dateModified":"2025-03-02","mainEntityOfPage":"https:\/\/www.minca.cz\/schranky-pro-kazdy-dum\/","author":{"@type":"Person","@id":"https:\/\/www.minca.cz\/author\/#Person","name":"minca.cz\n","url":"https:\/\/www.minca.cz\/author\/","identifier":1,"image":{"@type":"ImageObject","@id":"https:\/\/secure.gravatar.com\/avatar\/87132efef9f5972c3e770e1fb0907fb3dcc1311f82da5f30bffbae0bd81cf8c0?s=96&d=mm&r=g","url":"https:\/\/secure.gravatar.com\/avatar\/87132efef9f5972c3e770e1fb0907fb3dcc1311f82da5f30bffbae0bd81cf8c0?s=96&d=mm&r=g","height":96,"width":96}},"publisher":{"@type":"Organization","name":"minca.cz","logo":{"@type":"ImageObject","@id":"\/logo.png","url":"\/logo.png","width":600,"height":60}},"image":null,"wordCount":215,"keywords":null},{"@type":"Article","@id":"https:\/\/www.minca.cz\/o-cem-je-udrzitelna-moda\/","headline":"O \u010dem je udr\u017eiteln\u00e1 m\u00f3da?","url":"https:\/\/www.minca.cz\/o-cem-je-udrzitelna-moda\/","datePublished":"2025-03-01","dateModified":"2023-04-29","mainEntityOfPage":"https:\/\/www.minca.cz\/o-cem-je-udrzitelna-moda\/","author":{"@type":"Person","@id":"https:\/\/www.minca.cz\/author\/#Person","name":"minca.cz\n","url":"https:\/\/www.minca.cz\/author\/","identifier":1,"image":{"@type":"ImageObject","@id":"https:\/\/secure.gravatar.com\/avatar\/87132efef9f5972c3e770e1fb0907fb3dcc1311f82da5f30bffbae0bd81cf8c0?s=96&d=mm&r=g","url":"https:\/\/secure.gravatar.com\/avatar\/87132efef9f5972c3e770e1fb0907fb3dcc1311f82da5f30bffbae0bd81cf8c0?s=96&d=mm&r=g","height":96,"width":96}},"publisher":{"@type":"Organization","name":"minca.cz","logo":{"@type":"ImageObject","@id":"\/logo.png","url":"\/logo.png","width":600,"height":60}},"image":{"@type":"ImageObject","@id":"https:\/\/www.minca.cz\/wp-content\/uploads\/img_a288036_w1964_t1498542801.jpg","url":"https:\/\/www.minca.cz\/wp-content\/uploads\/img_a288036_w1964_t1498542801.jpg","height":0,"width":0},"wordCount":573,"keywords":null},{"@type":"Article","@id":"https:\/\/www.minca.cz\/posilovani-detske-imunity-vite-jak-na-to\/","headline":"Posilov\u00e1n\u00ed d\u011btsk\u00e9 imunity: V\u00edte, jak na to?","url":"https:\/\/www.minca.cz\/posilovani-detske-imunity-vite-jak-na-to\/","datePublished":"2025-03-01","dateModified":"2023-04-29","mainEntityOfPage":"https:\/\/www.minca.cz\/posilovani-detske-imunity-vite-jak-na-to\/","author":{"@type":"Person","@id":"https:\/\/www.minca.cz\/author\/#Person","name":"minca.cz\n","url":"https:\/\/www.minca.cz\/author\/","identifier":1,"image":{"@type":"ImageObject","@id":"https:\/\/secure.gravatar.com\/avatar\/87132efef9f5972c3e770e1fb0907fb3dcc1311f82da5f30bffbae0bd81cf8c0?s=96&d=mm&r=g","url":"https:\/\/secure.gravatar.com\/avatar\/87132efef9f5972c3e770e1fb0907fb3dcc1311f82da5f30bffbae0bd81cf8c0?s=96&d=mm&r=g","height":96,"width":96}},"publisher":{"@type":"Organization","name":"minca.cz","logo":{"@type":"ImageObject","@id":"\/logo.png","url":"\/logo.png","width":600,"height":60}},"image":{"@type":"ImageObject","@id":"https:\/\/www.minca.cz\/wp-content\/uploads\/img_a299066_w1964_t1509129410.jpg","url":"https:\/\/www.minca.cz\/wp-content\/uploads\/img_a299066_w1964_t1509129410.jpg","height":0,"width":0},"wordCount":529,"keywords":null},{"@type":"Article","@id":"https:\/\/www.minca.cz\/ekonomika-v-ramci-rustu-duchodoveho-veku\/","headline":"Ekonomika v r\u00e1mci r\u016fstu d\u016fchodov\u00e9ho v\u011bku","url":"https:\/\/www.minca.cz\/ekonomika-v-ramci-rustu-duchodoveho-veku\/","datePublished":"2025-03-01","dateModified":"2023-04-29","mainEntityOfPage":"https:\/\/www.minca.cz\/ekonomika-v-ramci-rustu-duchodoveho-veku\/","author":{"@type":"Person","@id":"https:\/\/www.minca.cz\/author\/#Person","name":"minca.cz\n","url":"https:\/\/www.minca.cz\/author\/","identifier":1,"image":{"@type":"ImageObject","@id":"https:\/\/secure.gravatar.com\/avatar\/87132efef9f5972c3e770e1fb0907fb3dcc1311f82da5f30bffbae0bd81cf8c0?s=96&d=mm&r=g","url":"https:\/\/secure.gravatar.com\/avatar\/87132efef9f5972c3e770e1fb0907fb3dcc1311f82da5f30bffbae0bd81cf8c0?s=96&d=mm&r=g","height":96,"width":96}},"publisher":{"@type":"Organization","name":"minca.cz","logo":{"@type":"ImageObject","@id":"\/logo.png","url":"\/logo.png","width":600,"height":60}},"image":{"@type":"ImageObject","@id":"https:\/\/www.minca.cz\/wp-content\/uploads\/img_a303178_w1964_t1513337208.jpg","url":"https:\/\/www.minca.cz\/wp-content\/uploads\/img_a303178_w1964_t1513337208.jpg","height":0,"width":0},"wordCount":626,"keywords":null},{"@type":"Article","@id":"https:\/\/www.minca.cz\/pomocnici-do-kuchyne-kteri-vam-zasadne-usnadni-zivot\/","headline":"Pomocn\u00edci do kuchyn\u011b, kte\u0159\u00ed v\u00e1m z\u00e1sadn\u011b usnadn\u00ed \u017eivot","url":"https:\/\/www.minca.cz\/pomocnici-do-kuchyne-kteri-vam-zasadne-usnadni-zivot\/","datePublished":"2025-03-01","dateModified":"2023-04-29","mainEntityOfPage":"https:\/\/www.minca.cz\/pomocnici-do-kuchyne-kteri-vam-zasadne-usnadni-zivot\/","author":{"@type":"Person","@id":"https:\/\/www.minca.cz\/author\/#Person","name":"minca.cz\n","url":"https:\/\/www.minca.cz\/author\/","identifier":1,"image":{"@type":"ImageObject","@id":"https:\/\/secure.gravatar.com\/avatar\/87132efef9f5972c3e770e1fb0907fb3dcc1311f82da5f30bffbae0bd81cf8c0?s=96&d=mm&r=g","url":"https:\/\/secure.gravatar.com\/avatar\/87132efef9f5972c3e770e1fb0907fb3dcc1311f82da5f30bffbae0bd81cf8c0?s=96&d=mm&r=g","height":96,"width":96}},"publisher":{"@type":"Organization","name":"minca.cz","logo":{"@type":"ImageObject","@id":"\/logo.png","url":"\/logo.png","width":600,"height":60}},"image":{"@type":"ImageObject","@id":"https:\/\/www.minca.cz\/wp-content\/uploads\/img_a332160_w1964_t1544984015.jpg","url":"https:\/\/www.minca.cz\/wp-content\/uploads\/img_a332160_w1964_t1544984015.jpg","height":0,"width":0},"wordCount":553,"keywords":null},{"@type":"Article","@id":"https:\/\/www.minca.cz\/jak-se-vyznat-ve-vrtackach\/","headline":"Jak se vyznat ve vrta\u010dk\u00e1ch","url":"https:\/\/www.minca.cz\/jak-se-vyznat-ve-vrtackach\/","datePublished":"2025-02-28","dateModified":"2023-04-29","mainEntityOfPage":"https:\/\/www.minca.cz\/jak-se-vyznat-ve-vrtackach\/","author":{"@type":"Person","@id":"https:\/\/www.minca.cz\/author\/#Person","name":"minca.cz\n","url":"https:\/\/www.minca.cz\/author\/","identifier":1,"image":{"@type":"ImageObject","@id":"https:\/\/secure.gravatar.com\/avatar\/87132efef9f5972c3e770e1fb0907fb3dcc1311f82da5f30bffbae0bd81cf8c0?s=96&d=mm&r=g","url":"https:\/\/secure.gravatar.com\/avatar\/87132efef9f5972c3e770e1fb0907fb3dcc1311f82da5f30bffbae0bd81cf8c0?s=96&d=mm&r=g","height":96,"width":96}},"publisher":{"@type":"Organization","name":"minca.cz","logo":{"@type":"ImageObject","@id":"\/logo.png","url":"\/logo.png","width":600,"height":60}},"image":{"@type":"ImageObject","@id":"https:\/\/www.minca.cz\/wp-content\/uploads\/img_a301427_w1964_t1511510197.jpg","url":"https:\/\/www.minca.cz\/wp-content\/uploads\/img_a301427_w1964_t1511510197.jpg","height":0,"width":0},"wordCount":451,"keywords":null}]},{"@context":"https:\/\/schema.org","@type":"WebSite","@id":"https:\/\/www.minca.cz\/#website","name":"Minca","url":"https:\/\/www.minca.cz","potentialAction":{"@type":"SearchAction","target":"https:\/\/www.minca.cz\/?s={search_term_string}","query-input":"required name=search_term_string"}}]