[{"@context":"https:\/\/schema.org\/","@type":"Article","@id":"https:\/\/www.minca.cz\/polozi-koronavirus-nas-ekonomicky-system\/#Article","mainEntityOfPage":"https:\/\/www.minca.cz\/polozi-koronavirus-nas-ekonomicky-system\/","headline":"Polo\u017e\u00ed koronavirus n\u00e1\u0161 ekonomick\u00fd syst\u00e9m?","name":"Polo\u017e\u00ed koronavirus n\u00e1\u0161 ekonomick\u00fd syst\u00e9m?","description":"Pandemie nemoci Covid-19 se roz\u0161\u00ed\u0159ila bez nads\u00e1zky po cel\u00e9m sv\u011bt\u011b, na\u0161i republiku nevyj\u00edmaje. V\u011bt\u0161ina st\u00e1t\u016f pak zavedla jako jedny z opat\u0159en\u00ed proti jej\u00edmu dal\u0161\u00edmu roz\u0161i\u0159ov\u00e1n\u00ed i uzav\u0159en\u00ed t\u00e9m\u011b\u0159 v\u0161ech obchod\u016f s v\u00fdjimkou potravin, drogeri\u00ed a l\u00e9k\u00e1ren, to v\u0161e v kombinaci s celost\u00e1tn\u00ed karant\u00e9nou. U n\u00e1s tomu nen\u00ed jinak. Pro mnoho p\u0159edev\u0161\u00edm mal\u00fdch obchod\u016f a firem [&hellip;]","datePublished":"2020-03-16","dateModified":"2023-04-29","author":{"@type":"Person","@id":"https:\/\/www.minca.cz\/author\/#Person","name":"minca.cz\n","url":"https:\/\/www.minca.cz\/author\/","identifier":1,"image":{"@type":"ImageObject","@id":"https:\/\/secure.gravatar.com\/avatar\/87132efef9f5972c3e770e1fb0907fb3dcc1311f82da5f30bffbae0bd81cf8c0?s=96&d=mm&r=g","url":"https:\/\/secure.gravatar.com\/avatar\/87132efef9f5972c3e770e1fb0907fb3dcc1311f82da5f30bffbae0bd81cf8c0?s=96&d=mm&r=g","height":96,"width":96}},"publisher":{"@type":"Organization","name":"minca.cz","logo":{"@type":"ImageObject","@id":"\/logo.png","url":"\/logo.png","width":600,"height":60}},"image":{"@type":"ImageObject","@id":"https:\/\/www.minca.cz\/wp-content\/uploads\/ekonomika1.jpg","url":"https:\/\/www.minca.cz\/wp-content\/uploads\/ekonomika1.jpg","height":0,"width":0},"url":"https:\/\/www.minca.cz\/polozi-koronavirus-nas-ekonomicky-system\/","about":["Internet"],"wordCount":442,"articleBody":" Pandemie nemoci Covid-19 se roz\u0161\u00ed\u0159ila bez nads\u00e1zky po cel\u00e9m sv\u011bt\u011b, na\u0161i republiku nevyj\u00edmaje. V\u011bt\u0161ina st\u00e1t\u016f pak zavedla jako jedny z opat\u0159en\u00ed proti jej\u00edmu dal\u0161\u00edmu roz\u0161i\u0159ov\u00e1n\u00ed i uzav\u0159en\u00ed t\u00e9m\u011b\u0159 v\u0161ech obchod\u016f s v\u00fdjimkou potravin, drogeri\u00ed a l\u00e9k\u00e1ren, to v\u0161e v kombinaci s celost\u00e1tn\u00ed karant\u00e9nou. U n\u00e1s tomu nen\u00ed jinak.Pro mnoho p\u0159edev\u0161\u00edm mal\u00fdch obchod\u016f a firem je tato situace prakticky likvida\u010dn\u00ed. Nemohou prod\u00e1vat, a tedy vyd\u011bl\u00e1vat pen\u00edze. Av\u0161ak zam\u011bstnanci samoz\u0159ejm\u011b v\u00fdplatu cht\u011bj\u00ed, nebo alespo\u0148 jej\u00ed \u010d\u00e1st. Nen\u00ed tedy divu, \u017ee pom\u011brn\u011b velk\u00e1 \u010d\u00e1st vyhl\u00e1sila bankrot a skon\u010dila.To ov\u0161em znamen\u00e1 propu\u0161t\u011bn\u00ed v\u0161ech zam\u011bstnanc\u016f. Jist\u011b, vzhledem k tomu, \u017ee se obvykle jedn\u00e1 o mal\u00e9 podniky, jich nen\u00ed tolik. Av\u0161ak vzhledem k tomu, jak\u00e9 mno\u017estv\u00ed firem takto skon\u010dilo svou \u010dinnost, mno\u017estv\u00ed lid\u00ed bez pr\u00e1ce nar\u016fst\u00e1.Je samoz\u0159ejm\u00e9, \u017ee i tito lid\u00e9 cht\u011bj\u00ed j\u00edst a \u017ee maj\u00ed n\u00e1jmy a dal\u0161\u00ed poplatky, kter\u00e9 mus\u00ed zaplatit. A je pravda, \u017ee se v t\u00e9to situaci neocitli vlastn\u00ed vinou. Po\u017e\u00e1daj\u00ed tedy o pomoc st\u00e1t. Ten jim poskytne soci\u00e1ln\u00ed d\u00e1vky, tak\u017ee alespo\u0148 maj\u00ed za co kupovat j\u00eddlo.Av\u0161ak tyto pen\u00edze budou znateln\u011b chyb\u011bt v na\u0161em rozpo\u010dtu. Zvl\u00e1\u0161\u0165 kdy\u017e k tomu p\u0159ipo\u010d\u00edt\u00e1me i mimo\u0159\u00e1dn\u00e9 n\u00e1klady nap\u0159\u00edklad na n\u00e1kup ochrann\u00fdch pom\u016fcek, jako jsou rou\u0161ky a respir\u00e1tory. St\u00e1tn\u00ed dluh se tedy prohlubuje.M\u00e1me se tedy ob\u00e1vat bl\u00ed\u017e\u00edc\u00ed se ekonomick\u00e9 krize? Koneckonc\u016f a\u017e pandemie opadne, spousta firem ji\u017e nebude na trhu. Bude tedy pom\u011brn\u011b t\u011b\u017ek\u00e9 ekonomick\u00fd syst\u00e9m op\u011bt nastartovat, ne\u0159ku-li dostat ji na takovou \u00farove\u0148, na jak\u00e9 byla, ne\u017e to cel\u00e9 za\u010dalo.Je tedy jasn\u00e9, \u017ee n\u00e1s ne\u010dekaj\u00ed jednoduch\u00e9 \u010dasy. Av\u0161ak nejsme na tom ani zdaleka tak \u0161patn\u011b, jako nap\u0159\u00edklad It\u00e1lie \u010di \u0160pan\u011blsko, kde nemoc \u0159\u00e1dila a \u0159\u00e1d\u00ed se skute\u010dn\u011b velkou silou. P\u0159esto nem\u016f\u017eeme o\u010dek\u00e1vat, \u017ee se ihned vr\u00e1t\u00edme zp\u011bt do situace, kter\u00e1 byla d\u0159\u00edve.O\u010dek\u00e1v\u00e1 se, \u017ee bude trvat minim\u00e1ln\u011b dva roky, ne-li v\u00edce, ne\u017e se sv\u011bt vzpamatuje. A mus\u00edme si pamatovat, \u017ee a\u010d my jsme na tom pom\u011brn\u011b dob\u0159e, jsme na zahrani\u010dn\u00edm obchodu stejn\u011b \u010d\u00e1ste\u010dn\u011b z\u00e1visl\u00ed. Proto mus\u00edme p\u0159istupovat k budoucnosti s opatrnost\u00ed.                                                                                                                                                                                                                                                                                                                                                                                         4.5\/5 - (6 votes)        "},{"@context":"https:\/\/schema.org\/","@type":"BreadcrumbList","itemListElement":[{"@type":"ListItem","position":1,"name":"Polo\u017e\u00ed koronavirus n\u00e1\u0161 ekonomick\u00fd syst\u00e9m?","item":"https:\/\/www.minca.cz\/polozi-koronavirus-nas-ekonomicky-system\/#breadcrumbitem"}]}]