[{"@context":"https:\/\/schema.org\/","@type":"Article","@id":"https:\/\/www.minca.cz\/prakticke-bedny\/#Article","mainEntityOfPage":"https:\/\/www.minca.cz\/prakticke-bedny\/","headline":"Praktick\u00e9 bedny","name":"Praktick\u00e9 bedny","description":"Mysl\u00edte si, \u017ee kdy\u017e m\u00e1te doma hodn\u011b v\u011bc\u00ed, \u017ee je to dob\u0159e? Proto\u017ee shroma\u017e\u010fov\u00e1n\u00ed v\u011bc\u00ed nen\u00ed asi ten nejlep\u0161\u00ed zp\u016fsob, jak si schra\u0148ovat majetek. Proto\u017ee si pamatuji, jak eden m\u016fj zn\u00e1m\u00fd st\u00e1le schra\u0148oval a sb\u00edral r\u016fzn\u00e9 v\u011bci, proto\u017ee mu to bylo l\u00edto vyhodit. Taky je v\u00e1m n\u011bkdy l\u00edto vyhodit n\u011bjak\u00e9 v\u011bci? M\u011b ano. Jenom\u017ee se [&hellip;]","datePublished":"2022-09-13","dateModified":"2023-07-21","author":{"@type":"Person","@id":"https:\/\/www.minca.cz\/author\/#Person","name":"minca.cz\n","url":"https:\/\/www.minca.cz\/author\/","identifier":1,"image":{"@type":"ImageObject","@id":"https:\/\/secure.gravatar.com\/avatar\/87132efef9f5972c3e770e1fb0907fb3dcc1311f82da5f30bffbae0bd81cf8c0?s=96&d=mm&r=g","url":"https:\/\/secure.gravatar.com\/avatar\/87132efef9f5972c3e770e1fb0907fb3dcc1311f82da5f30bffbae0bd81cf8c0?s=96&d=mm&r=g","height":96,"width":96}},"publisher":{"@type":"Organization","name":"minca.cz","logo":{"@type":"ImageObject","@id":"\/logo.png","url":"\/logo.png","width":600,"height":60}},"image":{"@type":"ImageObject","@id":"https:\/\/www.minca.cz\/wp-content\/uploads\/pallet-1665472_960_720.jpg","url":"https:\/\/www.minca.cz\/wp-content\/uploads\/pallet-1665472_960_720.jpg","height":0,"width":0},"url":"https:\/\/www.minca.cz\/prakticke-bedny\/","about":["Internet"],"wordCount":446,"articleBody":"         Mysl\u00edte si, \u017ee kdy\u017e m\u00e1te doma hodn\u011b v\u011bc\u00ed, \u017ee je to dob\u0159e? Proto\u017ee shroma\u017e\u010fov\u00e1n\u00ed v\u011bc\u00ed nen\u00ed asi ten nejlep\u0161\u00ed zp\u016fsob, jak si schra\u0148ovat majetek. Proto\u017ee si pamatuji, jak eden m\u016fj zn\u00e1m\u00fd st\u00e1le schra\u0148oval a sb\u00edral r\u016fzn\u00e9 v\u011bci, proto\u017ee mu to bylo l\u00edto vyhodit. Taky je v\u00e1m n\u011bkdy l\u00edto vyhodit n\u011bjak\u00e9 v\u011bci? M\u011b ano. Jenom\u017ee se ale mus\u00edte rozhodnout, co je pro v\u00e1s d\u016fle\u017eit\u00e9. Jestli n\u011bco sb\u00edrat anebo jestli si zbyte\u010dn\u011b zane\u0159\u00e1dit d\u016fm n\u011bjak\u00fdmi v\u011bcmi, kter\u00e9 ani nepot\u0159ebujete. J\u00e1 ch\u00e1pu, \u017ee n\u011bkdo r\u00e1d sb\u00edr\u00e1 v\u011bci, proto\u017ee ho to bav\u00ed a l\u00edb\u00ed se mu to. Jenom\u017ee ale na druhou stranu je zase fakt, \u017ee m\u00e1te pak zbyte\u010dn\u011b n\u011bjak\u00e9 v\u011bci doma a p\u0159ijde v\u00e1m to n\u011bco jako chaos.Podle m\u00e9ho n\u00e1zoru se n\u011bjak\u00e9 v\u011bci opravdu skv\u011ble d\u00e1vaj\u00ed do plastov\u00fdch beden. Proto\u017ee plastov\u00e1 bedna je v\u00fdhodn\u00e1 v tom, \u017ee se lehce udr\u017euje a je taky z recyklovan\u00e9ho materi\u00e1lu. Taky plast hodn\u011b vydr\u017e\u00ed. Tak\u017ee si mysl\u00edm, \u017ee plastov\u00e9 bedny, pokud maj\u00ed v\u00edko, tak se vyplat\u00ed je\u0161t\u011b v\u00edc. A v plastov\u00fdch bedn\u00e1ch m\u016f\u017eete uchov\u00e1vat jak t\u0159eba n\u011bjak\u00e9 j\u00eddlo, tak taky n\u011bjak\u00e9 v\u011bci anebo hra\u010dky. Podle m\u00e9ho n\u00e1zoru je skv\u011bl\u00e9, pokud m\u00e1te do z\u00e1soby n\u011bjak\u00e9 plastov\u00e9 bedny. M\u016f\u017eete si bedny po\u0159\u00eddit mal\u00e9, st\u0159edn\u00ed nebo velk\u00e9. Plastov\u00e9 bedny maj\u00ed v\u00edce velikosti, tak\u017ee se nemus\u00edte b\u00e1t, \u017ee si \u017e\u00e1dnou nevyberete. A pokud m\u00e1te r\u00e1di barvy, tak se nebojte vy\u017e\u00e1dat si n\u011bjakou barevnou plastovou bednu. A pokud v\u00e1h\u00e1te, tak j\u00e1 v\u00e1m doporu\u010duji plastov\u00e9 bedny s v\u00edkem, proto\u017ee v\u017edycky je v\u0161echno lep\u0161\u00ed, kdy\u017e si to m\u016f\u017eete uschovat. To potom m\u016f\u017eete plastov\u00e9 bedny Schoellerallibert stohovat na sebe a p\u011bkn\u011b je skl\u00e1dat, tak\u017ee v\u00e1m potom vlastn\u011b vyjde n\u011bjak\u00fd plastov\u00e1 v\u011b\u017e z beden. Mo\u017en\u00e1 si \u0159\u00edk\u00e1te, \u017ee top bude vypadat blb\u011b, ale v\u011b\u0159te mi, \u017ee nebude. Bude to rozhodn\u011b lep\u0161\u00ed, ne\u017e kdyby se v\u00e1m v\u011bci v\u00e1lely jen tak po dom\u011b anebo kdyby byly v\u0161ude rozh\u00e1zen\u00e1. Nap\u0159\u00edklad j\u00e1 m\u00e1m r\u00e1da po\u0159\u00e1dek a p\u0159ehlednost, tak\u017ee doma m\u00e1m v z\u00e1sob\u011b plastov\u00e9 bedny.                                                                                                                                                                                                                                                                                                                                                                                          3.7\/5 - (7 votes)        "},{"@context":"https:\/\/schema.org\/","@type":"BreadcrumbList","itemListElement":[{"@type":"ListItem","position":1,"name":"Praktick\u00e9 bedny","item":"https:\/\/www.minca.cz\/prakticke-bedny\/#breadcrumbitem"}]}]